{"id":86,"date":"2018-08-30T11:06:43","date_gmt":"2018-08-30T11:06:43","guid":{"rendered":"https:\/\/symboleswiata.pl\/?p=86"},"modified":"2023-10-23T15:56:51","modified_gmt":"2023-10-23T15:56:51","slug":"dzed","status":"publish","type":"post","link":"https:\/\/symboleswiata.pl\/blog\/dzed\/","title":{"rendered":"D\u017ced"},"content":{"rendered":"<div class=\"wp-block-image\">\n<figure class=\"aligncenter size-full\"><img loading=\"lazy\" decoding=\"async\" width=\"400\" height=\"400\" src=\"https:\/\/symboleswiata.pl\/blog\/wp-content\/uploads\/2021\/08\/dzed.png\" alt=\"Symbol D\u017ced\" class=\"wp-image-163\" srcset=\"https:\/\/symboleswiata.pl\/blog\/wp-content\/uploads\/2021\/08\/dzed.png 400w, https:\/\/symboleswiata.pl\/blog\/wp-content\/uploads\/2021\/08\/dzed-300x300.png 300w, https:\/\/symboleswiata.pl\/blog\/wp-content\/uploads\/2021\/08\/dzed-150x150.png 150w, https:\/\/symboleswiata.pl\/blog\/wp-content\/uploads\/2021\/08\/dzed-100x100.png 100w\" sizes=\"(max-width: 400px) 100vw, 400px\" \/><\/figure><\/div>\n\n<p><span style=\"font-weight: 400;\">D\u017ced \u2212 przypomina bratob\u00f3jczy &nbsp;egipski mit, wed\u0142ug kt\u00f3rego Seth u\u015bmierci\u0142 Ozyrysa. Pochowano go pod drzewem D\u017ced.<\/span><\/p>\n<p><span style=\"font-weight: 400;\">Symbol przypomina filar z czterema idealnie poziomymi tarasami na szczycie. Tak Egipcjanie wyobra\u017cali sobie drzewo, pod kt\u00f3rym pochowano ofiar\u0119 z wcze\u015bniej przytoczonej opowie\u015bci. Swym wygl\u0105dem do z\u0142udzenia przypomina kr\u0119gos\u0142up.<\/span><\/p>\n<p>&nbsp;<\/p>\n<p><span style=\"font-weight: 400;\">D\u017ced by\u0142 dawniej istotn\u0105 cz\u0119\u015bci\u0105 ceremonii \u201epodniesienia D\u017ced\u201d. Rytua\u0142 wchodzi\u0142 w sk\u0142ad celebracji \u015bwi\u0119ta Sed, obchodzonego przez ka\u017cdego faraona, kt\u00f3remu uda\u0142o si\u0119 rz\u0105dzi\u0107 przynajmniej trzydzie\u015bci lat. By\u0142o to \u015bwi\u0119to odrodzenia i odnowienia w\u0142adzy.<\/span><\/p>\n<p>&nbsp;<\/p>\n<p><span style=\"font-weight: 400;\">Znaczeniem symbolu jest stabilizacja i trwa\u0142o\u015b\u0107. A tak\u017ce triumfu Ozyrysa, cho\u0107 zza grobu, nad swym z\u0142ym bratem i \u015bmierci\u0105.<\/span><\/p>\n<p>&nbsp;<\/p>\n<p><span style=\"font-weight: 400;\">Jak ka\u017cdy mocny symbol zwi\u0105zany z odrodzeniem i zmartwychwstaniem, ch\u0119tnie u\u017cywany by\u0142 w sztuce zdobniczej. Egipska archeologia zape\u0142ni\u0142a muzea licznymi okazami pos\u0105g\u00f3w tego symbolu. Wykopano r\u00f3wnie\u017c wiele amulet\u00f3w o znacznej warto\u015bci materialnej i naukowej.<\/span><\/p>\n<p>&nbsp;<\/p>\n<p><span style=\"font-weight: 400;\">Od symbolu wzi\u0119\u0142o nazw\u0119 miasto D\u017cedu. O\u015brodek kultu Ozyrysa.<\/span><\/p>","protected":false},"excerpt":{"rendered":"<p>D\u017ced \u2212 przypomina bratob\u00f3jczy &nbsp;egipski mit, wed\u0142ug kt\u00f3rego Seth u\u015bmierci\u0142 Ozyrysa. Pochowano go pod drzewem D\u017ced. Symbol przypomina filar z czterema idealnie poziomymi tarasami na szczycie. Tak Egipcjanie wyobra\u017cali sobie drzewo, pod kt\u00f3rym pochowano ofiar\u0119 z wcze\u015bniej przytoczonej opowie\u015bci. Swym wygl\u0105dem do z\u0142udzenia przypomina kr\u0119gos\u0142up. &nbsp; D\u017ced by\u0142 dawniej istotn\u0105 cz\u0119\u015bci\u0105 ceremonii \u201epodniesienia D\u017ced\u201d. Rytua\u0142&hellip;&nbsp;<a href=\"https:\/\/symboleswiata.pl\/blog\/dzed\/\" class=\"\" rel=\"bookmark\">Czytaj dalej &raquo;<span class=\"screen-reader-text\">D\u017ced<\/span><\/a><\/p>\n","protected":false},"author":1,"featured_media":163,"comment_status":"open","ping_status":"open","sticky":false,"template":"","format":"standard","meta":{"neve_meta_sidebar":"","neve_meta_container":"","neve_meta_enable_content_width":"","neve_meta_content_width":0,"neve_meta_title_alignment":"","neve_meta_author_avatar":"","neve_post_elements_order":"","neve_meta_disable_header":"","neve_meta_disable_footer":"","neve_meta_disable_title":"","footnotes":""},"categories":[5],"tags":[],"yoast_head":"<!-- This site is optimized with the Yoast SEO plugin v22.2 - https:\/\/yoast.com\/wordpress\/plugins\/seo\/ -->\n<title>D\u017ced - Symbole \u015awiata<\/title>\n<meta name=\"robots\" content=\"index, follow, max-snippet:-1, max-image-preview:large, max-video-preview:-1\" \/>\n<link rel=\"canonical\" href=\"https:\/\/symboleswiata.pl\/blog\/dzed\/\" \/>\n<meta property=\"og:locale\" content=\"pl_PL\" \/>\n<meta property=\"og:type\" content=\"article\" \/>\n<meta property=\"og:title\" content=\"D\u017ced - Symbole \u015awiata\" \/>\n<meta property=\"og:description\" content=\"D\u017ced \u2212 przypomina bratob\u00f3jczy &nbsp;egipski mit, wed\u0142ug kt\u00f3rego Seth u\u015bmierci\u0142 Ozyrysa. Pochowano go pod drzewem D\u017ced. Symbol przypomina filar z czterema idealnie poziomymi tarasami na szczycie. Tak Egipcjanie wyobra\u017cali sobie drzewo, pod kt\u00f3rym pochowano ofiar\u0119 z wcze\u015bniej przytoczonej opowie\u015bci. Swym wygl\u0105dem do z\u0142udzenia przypomina kr\u0119gos\u0142up. &nbsp; D\u017ced by\u0142 dawniej istotn\u0105 cz\u0119\u015bci\u0105 ceremonii \u201epodniesienia D\u017ced\u201d. Rytua\u0142&hellip;&nbsp;Czytaj dalej &raquo;D\u017ced\" \/>\n<meta property=\"og:url\" content=\"https:\/\/symboleswiata.pl\/blog\/dzed\/\" \/>\n<meta property=\"og:site_name\" content=\"Symbole \u015awiata\" \/>\n<meta property=\"article:publisher\" content=\"https:\/\/www.facebook.com\/Symbole-%c5%9awiata-1742707239178946\" \/>\n<meta property=\"article:published_time\" content=\"2018-08-30T11:06:43+00:00\" \/>\n<meta property=\"article:modified_time\" content=\"2023-10-23T15:56:51+00:00\" \/>\n<meta property=\"og:image\" content=\"https:\/\/symboleswiata.pl\/blog\/wp-content\/uploads\/2021\/08\/dzed.png\" \/>\n\t<meta property=\"og:image:width\" content=\"400\" \/>\n\t<meta property=\"og:image:height\" content=\"400\" \/>\n\t<meta property=\"og:image:type\" content=\"image\/png\" \/>\n<meta name=\"author\" content=\"Redakcja Symbole \u015awiata\" \/>\n<meta name=\"twitter:card\" content=\"summary_large_image\" \/>\n<meta name=\"twitter:label1\" content=\"Napisane przez\" \/>\n\t<meta name=\"twitter:data1\" content=\"Redakcja Symbole \u015awiata\" \/>\n\t<meta name=\"twitter:label2\" content=\"Szacowany czas czytania\" \/>\n\t<meta name=\"twitter:data2\" content=\"2 minuty\" \/>\n<script type=\"application\/ld+json\" class=\"yoast-schema-graph\">{\"@context\":\"https:\/\/schema.org\",\"@graph\":[{\"@type\":\"WebPage\",\"@id\":\"https:\/\/symboleswiata.pl\/blog\/dzed\/\",\"url\":\"https:\/\/symboleswiata.pl\/blog\/dzed\/\",\"name\":\"D\u017ced - Symbole \u015awiata\",\"isPartOf\":{\"@id\":\"https:\/\/symboleswiata.pl\/#website\"},\"primaryImageOfPage\":{\"@id\":\"https:\/\/symboleswiata.pl\/blog\/dzed\/#primaryimage\"},\"image\":{\"@id\":\"https:\/\/symboleswiata.pl\/blog\/dzed\/#primaryimage\"},\"thumbnailUrl\":\"https:\/\/symboleswiata.pl\/blog\/wp-content\/uploads\/2021\/08\/dzed.png\",\"datePublished\":\"2018-08-30T11:06:43+00:00\",\"dateModified\":\"2023-10-23T15:56:51+00:00\",\"author\":{\"@id\":\"https:\/\/symboleswiata.pl\/#\/schema\/person\/146c239f467b761e3d537109b2eba255\"},\"breadcrumb\":{\"@id\":\"https:\/\/symboleswiata.pl\/blog\/dzed\/#breadcrumb\"},\"inLanguage\":\"pl-PL\",\"potentialAction\":[{\"@type\":\"ReadAction\",\"target\":[\"https:\/\/symboleswiata.pl\/blog\/dzed\/\"]}]},{\"@type\":\"ImageObject\",\"inLanguage\":\"pl-PL\",\"@id\":\"https:\/\/symboleswiata.pl\/blog\/dzed\/#primaryimage\",\"url\":\"https:\/\/symboleswiata.pl\/blog\/wp-content\/uploads\/2021\/08\/dzed.png\",\"contentUrl\":\"https:\/\/symboleswiata.pl\/blog\/wp-content\/uploads\/2021\/08\/dzed.png\",\"width\":400,\"height\":400,\"caption\":\"Symbol D\u017ced\"},{\"@type\":\"BreadcrumbList\",\"@id\":\"https:\/\/symboleswiata.pl\/blog\/dzed\/#breadcrumb\",\"itemListElement\":[{\"@type\":\"ListItem\",\"position\":1,\"name\":\"Strona g\u0142\u00f3wna\",\"item\":\"https:\/\/symboleswiata.pl\/\"},{\"@type\":\"ListItem\",\"position\":2,\"name\":\"D\u017ced\"}]},{\"@type\":\"WebSite\",\"@id\":\"https:\/\/symboleswiata.pl\/#website\",\"url\":\"https:\/\/symboleswiata.pl\/\",\"name\":\"Symbole \u015awiata\",\"description\":\"Zbi\u00f3r symboli i ich znaczenia.\",\"potentialAction\":[{\"@type\":\"SearchAction\",\"target\":{\"@type\":\"EntryPoint\",\"urlTemplate\":\"https:\/\/symboleswiata.pl\/?s={search_term_string}\"},\"query-input\":\"required name=search_term_string\"}],\"inLanguage\":\"pl-PL\"},{\"@type\":\"Person\",\"@id\":\"https:\/\/symboleswiata.pl\/#\/schema\/person\/146c239f467b761e3d537109b2eba255\",\"name\":\"Redakcja Symbole \u015awiata\",\"image\":{\"@type\":\"ImageObject\",\"inLanguage\":\"pl-PL\",\"@id\":\"https:\/\/symboleswiata.pl\/#\/schema\/person\/image\/\",\"url\":\"https:\/\/secure.gravatar.com\/avatar\/88cf4856c65e8ad246583013fe8a4f27?s=96&d=mm&r=g\",\"contentUrl\":\"https:\/\/secure.gravatar.com\/avatar\/88cf4856c65e8ad246583013fe8a4f27?s=96&d=mm&r=g\",\"caption\":\"Redakcja Symbole \u015awiata\"},\"url\":\"https:\/\/symboleswiata.pl\/blog\/author\/admin\/\"}]}<\/script>\n<!-- \/ Yoast SEO plugin. -->","yoast_head_json":{"title":"D\u017ced - Symbole \u015awiata","robots":{"index":"index","follow":"follow","max-snippet":"max-snippet:-1","max-image-preview":"max-image-preview:large","max-video-preview":"max-video-preview:-1"},"canonical":"https:\/\/symboleswiata.pl\/blog\/dzed\/","og_locale":"pl_PL","og_type":"article","og_title":"D\u017ced - Symbole \u015awiata","og_description":"D\u017ced \u2212 przypomina bratob\u00f3jczy &nbsp;egipski mit, wed\u0142ug kt\u00f3rego Seth u\u015bmierci\u0142 Ozyrysa. Pochowano go pod drzewem D\u017ced. Symbol przypomina filar z czterema idealnie poziomymi tarasami na szczycie. Tak Egipcjanie wyobra\u017cali sobie drzewo, pod kt\u00f3rym pochowano ofiar\u0119 z wcze\u015bniej przytoczonej opowie\u015bci. Swym wygl\u0105dem do z\u0142udzenia przypomina kr\u0119gos\u0142up. &nbsp; D\u017ced by\u0142 dawniej istotn\u0105 cz\u0119\u015bci\u0105 ceremonii \u201epodniesienia D\u017ced\u201d. Rytua\u0142&hellip;&nbsp;Czytaj dalej &raquo;D\u017ced","og_url":"https:\/\/symboleswiata.pl\/blog\/dzed\/","og_site_name":"Symbole \u015awiata","article_publisher":"https:\/\/www.facebook.com\/Symbole-%c5%9awiata-1742707239178946","article_published_time":"2018-08-30T11:06:43+00:00","article_modified_time":"2023-10-23T15:56:51+00:00","og_image":[{"width":400,"height":400,"url":"https:\/\/symboleswiata.pl\/blog\/wp-content\/uploads\/2021\/08\/dzed.png","type":"image\/png"}],"author":"Redakcja Symbole \u015awiata","twitter_card":"summary_large_image","twitter_misc":{"Napisane przez":"Redakcja Symbole \u015awiata","Szacowany czas czytania":"2 minuty"},"schema":{"@context":"https:\/\/schema.org","@graph":[{"@type":"WebPage","@id":"https:\/\/symboleswiata.pl\/blog\/dzed\/","url":"https:\/\/symboleswiata.pl\/blog\/dzed\/","name":"D\u017ced - Symbole \u015awiata","isPartOf":{"@id":"https:\/\/symboleswiata.pl\/#website"},"primaryImageOfPage":{"@id":"https:\/\/symboleswiata.pl\/blog\/dzed\/#primaryimage"},"image":{"@id":"https:\/\/symboleswiata.pl\/blog\/dzed\/#primaryimage"},"thumbnailUrl":"https:\/\/symboleswiata.pl\/blog\/wp-content\/uploads\/2021\/08\/dzed.png","datePublished":"2018-08-30T11:06:43+00:00","dateModified":"2023-10-23T15:56:51+00:00","author":{"@id":"https:\/\/symboleswiata.pl\/#\/schema\/person\/146c239f467b761e3d537109b2eba255"},"breadcrumb":{"@id":"https:\/\/symboleswiata.pl\/blog\/dzed\/#breadcrumb"},"inLanguage":"pl-PL","potentialAction":[{"@type":"ReadAction","target":["https:\/\/symboleswiata.pl\/blog\/dzed\/"]}]},{"@type":"ImageObject","inLanguage":"pl-PL","@id":"https:\/\/symboleswiata.pl\/blog\/dzed\/#primaryimage","url":"https:\/\/symboleswiata.pl\/blog\/wp-content\/uploads\/2021\/08\/dzed.png","contentUrl":"https:\/\/symboleswiata.pl\/blog\/wp-content\/uploads\/2021\/08\/dzed.png","width":400,"height":400,"caption":"Symbol D\u017ced"},{"@type":"BreadcrumbList","@id":"https:\/\/symboleswiata.pl\/blog\/dzed\/#breadcrumb","itemListElement":[{"@type":"ListItem","position":1,"name":"Strona g\u0142\u00f3wna","item":"https:\/\/symboleswiata.pl\/"},{"@type":"ListItem","position":2,"name":"D\u017ced"}]},{"@type":"WebSite","@id":"https:\/\/symboleswiata.pl\/#website","url":"https:\/\/symboleswiata.pl\/","name":"Symbole \u015awiata","description":"Zbi\u00f3r symboli i ich znaczenia.","potentialAction":[{"@type":"SearchAction","target":{"@type":"EntryPoint","urlTemplate":"https:\/\/symboleswiata.pl\/?s={search_term_string}"},"query-input":"required name=search_term_string"}],"inLanguage":"pl-PL"},{"@type":"Person","@id":"https:\/\/symboleswiata.pl\/#\/schema\/person\/146c239f467b761e3d537109b2eba255","name":"Redakcja Symbole \u015awiata","image":{"@type":"ImageObject","inLanguage":"pl-PL","@id":"https:\/\/symboleswiata.pl\/#\/schema\/person\/image\/","url":"https:\/\/secure.gravatar.com\/avatar\/88cf4856c65e8ad246583013fe8a4f27?s=96&d=mm&r=g","contentUrl":"https:\/\/secure.gravatar.com\/avatar\/88cf4856c65e8ad246583013fe8a4f27?s=96&d=mm&r=g","caption":"Redakcja Symbole \u015awiata"},"url":"https:\/\/symboleswiata.pl\/blog\/author\/admin\/"}]}},"_links":{"self":[{"href":"https:\/\/symboleswiata.pl\/blog\/wp-json\/wp\/v2\/posts\/86"}],"collection":[{"href":"https:\/\/symboleswiata.pl\/blog\/wp-json\/wp\/v2\/posts"}],"about":[{"href":"https:\/\/symboleswiata.pl\/blog\/wp-json\/wp\/v2\/types\/post"}],"author":[{"embeddable":true,"href":"https:\/\/symboleswiata.pl\/blog\/wp-json\/wp\/v2\/users\/1"}],"replies":[{"embeddable":true,"href":"https:\/\/symboleswiata.pl\/blog\/wp-json\/wp\/v2\/comments?post=86"}],"version-history":[{"count":2,"href":"https:\/\/symboleswiata.pl\/blog\/wp-json\/wp\/v2\/posts\/86\/revisions"}],"predecessor-version":[{"id":338,"href":"https:\/\/symboleswiata.pl\/blog\/wp-json\/wp\/v2\/posts\/86\/revisions\/338"}],"wp:featuredmedia":[{"embeddable":true,"href":"https:\/\/symboleswiata.pl\/blog\/wp-json\/wp\/v2\/media\/163"}],"wp:attachment":[{"href":"https:\/\/symboleswiata.pl\/blog\/wp-json\/wp\/v2\/media?parent=86"}],"wp:term":[{"taxonomy":"category","embeddable":true,"href":"https:\/\/symboleswiata.pl\/blog\/wp-json\/wp\/v2\/categories?post=86"},{"taxonomy":"post_tag","embeddable":true,"href":"https:\/\/symboleswiata.pl\/blog\/wp-json\/wp\/v2\/tags?post=86"}],"curies":[{"name":"wp","href":"https:\/\/api.w.org\/{rel}","templated":true}]}}